{"id":6786,"date":"2026-01-25T15:35:54","date_gmt":"2026-01-25T14:35:54","guid":{"rendered":"https:\/\/bockpalast.de\/wp\/?p=6786"},"modified":"2026-01-25T15:35:54","modified_gmt":"2026-01-25T14:35:54","slug":"diesmal-laeuft-es-ein-bisschen-anders","status":"publish","type":"post","link":"https:\/\/bockpalast.de\/wp\/?p=6786","title":{"rendered":"Diesmal l\u00e4uft es ein bisschen anders"},"content":{"rendered":"\n<figure class=\"wp-block-image size-large\"><img loading=\"lazy\" decoding=\"async\" width=\"1024\" height=\"624\" src=\"https:\/\/bockpalast.de\/wp\/wp-content\/uploads\/2026\/01\/4032-3024-max-HP-1024x624.jpg\" alt=\"\" class=\"wp-image-6787\" srcset=\"https:\/\/bockpalast.de\/wp\/wp-content\/uploads\/2026\/01\/4032-3024-max-HP-1024x624.jpg 1024w, https:\/\/bockpalast.de\/wp\/wp-content\/uploads\/2026\/01\/4032-3024-max-HP-300x183.jpg 300w, https:\/\/bockpalast.de\/wp\/wp-content\/uploads\/2026\/01\/4032-3024-max-HP-768x468.jpg 768w, https:\/\/bockpalast.de\/wp\/wp-content\/uploads\/2026\/01\/4032-3024-max-HP-1536x935.jpg 1536w, https:\/\/bockpalast.de\/wp\/wp-content\/uploads\/2026\/01\/4032-3024-max-HP.jpg 1601w\" sizes=\"auto, (max-width: 1024px) 100vw, 1024px\" \/><\/figure>\n\n\n\n<p>Allm\u00e4hlich geht es in Richtung Bockpalast am 8. August, auch wenn die F\u00fc\u00dfe noch nach gut gef\u00fctterten Winterstiefeln schreien. In diesem Jahr soll es etwas anders zugehen: Wir feiern zum 45. Mal! Wow! So alt wird ja kein Schwein! Aber wir schon! Darum d\u00fcrfen sich alle Freunde der gepflegten Au\u00dfer-Haus-Musik schon mal freuen. Noch soll nicht zu viel verraten werden, aber eines brodelt schon aus der Ger\u00fcchtek\u00fcche heraus: Wir beginnen wegen des herausragenden Anlasses bereits am Nachmittag. Jahaaaa! F\u00fcr die Kinder gibt es dann viel Spa\u00df beim Spielen, die \u00e4lteren d\u00fcrfen sich mit Kaffee und Kuchen abf\u00fcllen. Na, ist das was? Und wie gesagt: Da kommt noch mehr. Wartet&#8217;s ab. Und f\u00fcttert derweil eure Stiefel gegen den Frost.<br><br><br><\/p>\n","protected":false},"excerpt":{"rendered":"Allm\u00e4hlich geht es in Richtung Bockpalast am 8. August, auch wenn die F\u00fc\u00dfe noch nach gut gef\u00fctterten Winterstiefeln schreien. In diesem Jahr soll \n<a class=\"moretag\" href=\"https:\/\/bockpalast.de\/wp\/?p=6786\"> [...]<\/a>","protected":false},"author":2,"featured_media":6787,"comment_status":"closed","ping_status":"","sticky":false,"template":"","format":"standard","meta":{"ngg_post_thumbnail":0,"footnotes":""},"categories":[1],"tags":[],"class_list":["post-6786","post","type-post","status-publish","format-standard","has-post-thumbnail","hentry","category-uncategorized"],"_links":{"self":[{"href":"https:\/\/bockpalast.de\/wp\/index.php?rest_route=\/wp\/v2\/posts\/6786","targetHints":{"allow":["GET"]}}],"collection":[{"href":"https:\/\/bockpalast.de\/wp\/index.php?rest_route=\/wp\/v2\/posts"}],"about":[{"href":"https:\/\/bockpalast.de\/wp\/index.php?rest_route=\/wp\/v2\/types\/post"}],"author":[{"embeddable":true,"href":"https:\/\/bockpalast.de\/wp\/index.php?rest_route=\/wp\/v2\/users\/2"}],"replies":[{"embeddable":true,"href":"https:\/\/bockpalast.de\/wp\/index.php?rest_route=%2Fwp%2Fv2%2Fcomments&post=6786"}],"version-history":[{"count":1,"href":"https:\/\/bockpalast.de\/wp\/index.php?rest_route=\/wp\/v2\/posts\/6786\/revisions"}],"predecessor-version":[{"id":6788,"href":"https:\/\/bockpalast.de\/wp\/index.php?rest_route=\/wp\/v2\/posts\/6786\/revisions\/6788"}],"wp:featuredmedia":[{"embeddable":true,"href":"https:\/\/bockpalast.de\/wp\/index.php?rest_route=\/wp\/v2\/media\/6787"}],"wp:attachment":[{"href":"https:\/\/bockpalast.de\/wp\/index.php?rest_route=%2Fwp%2Fv2%2Fmedia&parent=6786"}],"wp:term":[{"taxonomy":"category","embeddable":true,"href":"https:\/\/bockpalast.de\/wp\/index.php?rest_route=%2Fwp%2Fv2%2Fcategories&post=6786"},{"taxonomy":"post_tag","embeddable":true,"href":"https:\/\/bockpalast.de\/wp\/index.php?rest_route=%2Fwp%2Fv2%2Ftags&post=6786"}],"curies":[{"name":"wp","href":"https:\/\/api.w.org\/{rel}","templated":true}]}}